{"id":7727,"date":"2023-07-12T15:52:51","date_gmt":"2023-07-12T20:52:51","guid":{"rendered":"https:\/\/museodelcanal.com\/?p=7727"},"modified":"2023-08-10T15:14:08","modified_gmt":"2023-08-10T20:14:08","slug":"pasarela-de-las-polleras","status":"publish","type":"post","link":"https:\/\/museodelcanal.com\/en\/pasarela-de-las-polleras\/","title":{"rendered":"Pasarela de las Polleras"},"content":{"rendered":"<p>Esto es la pasarela de polleras<\/p>","protected":false},"excerpt":{"rendered":"<p>Esto es la pasarela de polleras<\/p>","protected":false},"author":3,"featured_media":7728,"comment_status":"closed","ping_status":"closed","sticky":false,"template":"","format":"standard","meta":{"footnotes":""},"categories":[98],"tags":[],"class_list":["post-7727","post","type-post","status-publish","format-standard","has-post-thumbnail","hentry","category-eventos"],"yoast_head":"<!-- This site is optimized with the Yoast SEO plugin v27.2 - https:\/\/yoast.com\/product\/yoast-seo-wordpress\/ -->\n<title>Pasarela de las Polleras - Museo del Canal Interoce\u00e1nico de Panam\u00e1<\/title>\n<meta name=\"robots\" content=\"index, follow, max-snippet:-1, max-image-preview:large, max-video-preview:-1\" \/>\n<link rel=\"canonical\" href=\"https:\/\/museodelcanal.com\/en\/pasarela-de-las-polleras\/\" \/>\n<meta property=\"og:locale\" content=\"en_US\" \/>\n<meta property=\"og:type\" content=\"article\" \/>\n<meta property=\"og:title\" content=\"Pasarela de las Polleras - Museo del Canal Interoce\u00e1nico de Panam\u00e1\" \/>\n<meta property=\"og:description\" content=\"Esto es la pasarela de polleras\" \/>\n<meta property=\"og:url\" content=\"https:\/\/museodelcanal.com\/en\/pasarela-de-las-polleras\/\" \/>\n<meta property=\"og:site_name\" content=\"Museo del Canal Interoce\u00e1nico de Panam\u00e1\" \/>\n<meta property=\"article:published_time\" content=\"2023-07-12T20:52:51+00:00\" \/>\n<meta property=\"article:modified_time\" content=\"2023-08-10T20:14:08+00:00\" \/>\n<meta property=\"og:image\" content=\"https:\/\/museodelcanal.com\/wp-content\/uploads\/2023\/07\/Post-Dialogo011.jpg\" \/>\n\t<meta property=\"og:image:width\" content=\"1080\" \/>\n\t<meta property=\"og:image:height\" content=\"1080\" \/>\n\t<meta property=\"og:image:type\" content=\"image\/jpeg\" \/>\n<meta name=\"author\" content=\"Museo del Canal Interoce\u00e1nico de Panam\u00e1\" \/>\n<meta name=\"twitter:card\" content=\"summary_large_image\" \/>\n<meta name=\"twitter:label1\" content=\"Written by\" \/>\n\t<meta name=\"twitter:data1\" content=\"Museo del Canal Interoce\u00e1nico de Panam\u00e1\" \/>\n\t<meta name=\"twitter:label2\" content=\"Est. reading time\" \/>\n\t<meta name=\"twitter:data2\" content=\"1 minute\" \/>\n<script type=\"application\/ld+json\" class=\"yoast-schema-graph\">{\"@context\":\"https:\/\/schema.org\",\"@graph\":[{\"@type\":\"Article\",\"@id\":\"https:\/\/museodelcanal.com\/pasarela-de-las-polleras\/#article\",\"isPartOf\":{\"@id\":\"https:\/\/museodelcanal.com\/pasarela-de-las-polleras\/\"},\"author\":{\"name\":\"Museo del Canal Interoce\u00e1nico de Panam\u00e1\",\"@id\":\"https:\/\/museodelcanal.com\/#\/schema\/person\/6477bdb497d529900b437bfa1bfc6e8b\"},\"headline\":\"Pasarela de las Polleras\",\"datePublished\":\"2023-07-12T20:52:51+00:00\",\"dateModified\":\"2023-08-10T20:14:08+00:00\",\"mainEntityOfPage\":{\"@id\":\"https:\/\/museodelcanal.com\/pasarela-de-las-polleras\/\"},\"wordCount\":10,\"image\":{\"@id\":\"https:\/\/museodelcanal.com\/pasarela-de-las-polleras\/#primaryimage\"},\"thumbnailUrl\":\"https:\/\/museodelcanal.com\/wp-content\/uploads\/2023\/07\/Post-Dialogo011.jpg\",\"articleSection\":[\"Eventos\"],\"inLanguage\":\"en-US\"},{\"@type\":\"WebPage\",\"@id\":\"https:\/\/museodelcanal.com\/pasarela-de-las-polleras\/\",\"url\":\"https:\/\/museodelcanal.com\/pasarela-de-las-polleras\/\",\"name\":\"Pasarela de las Polleras - Museo del Canal Interoce\u00e1nico de Panam\u00e1\",\"isPartOf\":{\"@id\":\"https:\/\/museodelcanal.com\/#website\"},\"primaryImageOfPage\":{\"@id\":\"https:\/\/museodelcanal.com\/pasarela-de-las-polleras\/#primaryimage\"},\"image\":{\"@id\":\"https:\/\/museodelcanal.com\/pasarela-de-las-polleras\/#primaryimage\"},\"thumbnailUrl\":\"https:\/\/museodelcanal.com\/wp-content\/uploads\/2023\/07\/Post-Dialogo011.jpg\",\"datePublished\":\"2023-07-12T20:52:51+00:00\",\"dateModified\":\"2023-08-10T20:14:08+00:00\",\"author\":{\"@id\":\"https:\/\/museodelcanal.com\/#\/schema\/person\/6477bdb497d529900b437bfa1bfc6e8b\"},\"breadcrumb\":{\"@id\":\"https:\/\/museodelcanal.com\/pasarela-de-las-polleras\/#breadcrumb\"},\"inLanguage\":\"en-US\",\"potentialAction\":[{\"@type\":\"ReadAction\",\"target\":[\"https:\/\/museodelcanal.com\/pasarela-de-las-polleras\/\"]}]},{\"@type\":\"ImageObject\",\"inLanguage\":\"en-US\",\"@id\":\"https:\/\/museodelcanal.com\/pasarela-de-las-polleras\/#primaryimage\",\"url\":\"https:\/\/museodelcanal.com\/wp-content\/uploads\/2023\/07\/Post-Dialogo011.jpg\",\"contentUrl\":\"https:\/\/museodelcanal.com\/wp-content\/uploads\/2023\/07\/Post-Dialogo011.jpg\",\"width\":1080,\"height\":1080,\"caption\":\"Pasarela de Polleras\"},{\"@type\":\"BreadcrumbList\",\"@id\":\"https:\/\/museodelcanal.com\/pasarela-de-las-polleras\/#breadcrumb\",\"itemListElement\":[{\"@type\":\"ListItem\",\"position\":1,\"name\":\"Portada\",\"item\":\"https:\/\/museodelcanal.com\/\"},{\"@type\":\"ListItem\",\"position\":2,\"name\":\"Pasarela de las Polleras\"}]},{\"@type\":\"WebSite\",\"@id\":\"https:\/\/museodelcanal.com\/#website\",\"url\":\"https:\/\/museodelcanal.com\/\",\"name\":\"Museo del Canal Interoce\u00e1nico de Panam\u00e1\",\"description\":\"Explora el pasado para navegar el presente\",\"potentialAction\":[{\"@type\":\"SearchAction\",\"target\":{\"@type\":\"EntryPoint\",\"urlTemplate\":\"https:\/\/museodelcanal.com\/?s={search_term_string}\"},\"query-input\":{\"@type\":\"PropertyValueSpecification\",\"valueRequired\":true,\"valueName\":\"search_term_string\"}}],\"inLanguage\":\"en-US\"},{\"@type\":\"Person\",\"@id\":\"https:\/\/museodelcanal.com\/#\/schema\/person\/6477bdb497d529900b437bfa1bfc6e8b\",\"name\":\"Museo del Canal Interoce\u00e1nico de Panam\u00e1\",\"image\":{\"@type\":\"ImageObject\",\"inLanguage\":\"en-US\",\"@id\":\"https:\/\/secure.gravatar.com\/avatar\/d190fb3334882dbe3323b72a06b576c203daa505fdbf1f634c0ae29242343983?s=96&d=mm&r=g\",\"url\":\"https:\/\/secure.gravatar.com\/avatar\/d190fb3334882dbe3323b72a06b576c203daa505fdbf1f634c0ae29242343983?s=96&d=mm&r=g\",\"contentUrl\":\"https:\/\/secure.gravatar.com\/avatar\/d190fb3334882dbe3323b72a06b576c203daa505fdbf1f634c0ae29242343983?s=96&d=mm&r=g\",\"caption\":\"Museo del Canal Interoce\u00e1nico de Panam\u00e1\"},\"url\":\"https:\/\/museodelcanal.com\/en\/author\/museodelcanal\/\"}]}<\/script>\n<!-- \/ Yoast SEO plugin. -->","yoast_head_json":{"title":"Pasarela de las Polleras - Museo del Canal Interoce\u00e1nico de Panam\u00e1","robots":{"index":"index","follow":"follow","max-snippet":"max-snippet:-1","max-image-preview":"max-image-preview:large","max-video-preview":"max-video-preview:-1"},"canonical":"https:\/\/museodelcanal.com\/en\/pasarela-de-las-polleras\/","og_locale":"en_US","og_type":"article","og_title":"Pasarela de las Polleras - Museo del Canal Interoce\u00e1nico de Panam\u00e1","og_description":"Esto es la pasarela de polleras","og_url":"https:\/\/museodelcanal.com\/en\/pasarela-de-las-polleras\/","og_site_name":"Museo del Canal Interoce\u00e1nico de Panam\u00e1","article_published_time":"2023-07-12T20:52:51+00:00","article_modified_time":"2023-08-10T20:14:08+00:00","og_image":[{"width":1080,"height":1080,"url":"https:\/\/museodelcanal.com\/wp-content\/uploads\/2023\/07\/Post-Dialogo011.jpg","type":"image\/jpeg"}],"author":"Museo del Canal Interoce\u00e1nico de Panam\u00e1","twitter_card":"summary_large_image","twitter_misc":{"Written by":"Museo del Canal Interoce\u00e1nico de Panam\u00e1","Est. reading time":"1 minute"},"schema":{"@context":"https:\/\/schema.org","@graph":[{"@type":"Article","@id":"https:\/\/museodelcanal.com\/pasarela-de-las-polleras\/#article","isPartOf":{"@id":"https:\/\/museodelcanal.com\/pasarela-de-las-polleras\/"},"author":{"name":"Museo del Canal Interoce\u00e1nico de Panam\u00e1","@id":"https:\/\/museodelcanal.com\/#\/schema\/person\/6477bdb497d529900b437bfa1bfc6e8b"},"headline":"Pasarela de las Polleras","datePublished":"2023-07-12T20:52:51+00:00","dateModified":"2023-08-10T20:14:08+00:00","mainEntityOfPage":{"@id":"https:\/\/museodelcanal.com\/pasarela-de-las-polleras\/"},"wordCount":10,"image":{"@id":"https:\/\/museodelcanal.com\/pasarela-de-las-polleras\/#primaryimage"},"thumbnailUrl":"https:\/\/museodelcanal.com\/wp-content\/uploads\/2023\/07\/Post-Dialogo011.jpg","articleSection":["Eventos"],"inLanguage":"en-US"},{"@type":"WebPage","@id":"https:\/\/museodelcanal.com\/pasarela-de-las-polleras\/","url":"https:\/\/museodelcanal.com\/pasarela-de-las-polleras\/","name":"Pasarela de las Polleras - Museo del Canal Interoce\u00e1nico de Panam\u00e1","isPartOf":{"@id":"https:\/\/museodelcanal.com\/#website"},"primaryImageOfPage":{"@id":"https:\/\/museodelcanal.com\/pasarela-de-las-polleras\/#primaryimage"},"image":{"@id":"https:\/\/museodelcanal.com\/pasarela-de-las-polleras\/#primaryimage"},"thumbnailUrl":"https:\/\/museodelcanal.com\/wp-content\/uploads\/2023\/07\/Post-Dialogo011.jpg","datePublished":"2023-07-12T20:52:51+00:00","dateModified":"2023-08-10T20:14:08+00:00","author":{"@id":"https:\/\/museodelcanal.com\/#\/schema\/person\/6477bdb497d529900b437bfa1bfc6e8b"},"breadcrumb":{"@id":"https:\/\/museodelcanal.com\/pasarela-de-las-polleras\/#breadcrumb"},"inLanguage":"en-US","potentialAction":[{"@type":"ReadAction","target":["https:\/\/museodelcanal.com\/pasarela-de-las-polleras\/"]}]},{"@type":"ImageObject","inLanguage":"en-US","@id":"https:\/\/museodelcanal.com\/pasarela-de-las-polleras\/#primaryimage","url":"https:\/\/museodelcanal.com\/wp-content\/uploads\/2023\/07\/Post-Dialogo011.jpg","contentUrl":"https:\/\/museodelcanal.com\/wp-content\/uploads\/2023\/07\/Post-Dialogo011.jpg","width":1080,"height":1080,"caption":"Pasarela de Polleras"},{"@type":"BreadcrumbList","@id":"https:\/\/museodelcanal.com\/pasarela-de-las-polleras\/#breadcrumb","itemListElement":[{"@type":"ListItem","position":1,"name":"Portada","item":"https:\/\/museodelcanal.com\/"},{"@type":"ListItem","position":2,"name":"Pasarela de las Polleras"}]},{"@type":"WebSite","@id":"https:\/\/museodelcanal.com\/#website","url":"https:\/\/museodelcanal.com\/","name":"Panama Canal Museum","description":"Explore the past to navigate the present","potentialAction":[{"@type":"SearchAction","target":{"@type":"EntryPoint","urlTemplate":"https:\/\/museodelcanal.com\/?s={search_term_string}"},"query-input":{"@type":"PropertyValueSpecification","valueRequired":true,"valueName":"search_term_string"}}],"inLanguage":"en-US"},{"@type":"Person","@id":"https:\/\/museodelcanal.com\/#\/schema\/person\/6477bdb497d529900b437bfa1bfc6e8b","name":"Panama Canal Museum","image":{"@type":"ImageObject","inLanguage":"en-US","@id":"https:\/\/secure.gravatar.com\/avatar\/d190fb3334882dbe3323b72a06b576c203daa505fdbf1f634c0ae29242343983?s=96&d=mm&r=g","url":"https:\/\/secure.gravatar.com\/avatar\/d190fb3334882dbe3323b72a06b576c203daa505fdbf1f634c0ae29242343983?s=96&d=mm&r=g","contentUrl":"https:\/\/secure.gravatar.com\/avatar\/d190fb3334882dbe3323b72a06b576c203daa505fdbf1f634c0ae29242343983?s=96&d=mm&r=g","caption":"Museo del Canal Interoce\u00e1nico de Panam\u00e1"},"url":"https:\/\/museodelcanal.com\/en\/author\/museodelcanal\/"}]}},"_links":{"self":[{"href":"https:\/\/museodelcanal.com\/en\/wp-json\/wp\/v2\/posts\/7727","targetHints":{"allow":["GET"]}}],"collection":[{"href":"https:\/\/museodelcanal.com\/en\/wp-json\/wp\/v2\/posts"}],"about":[{"href":"https:\/\/museodelcanal.com\/en\/wp-json\/wp\/v2\/types\/post"}],"author":[{"embeddable":true,"href":"https:\/\/museodelcanal.com\/en\/wp-json\/wp\/v2\/users\/3"}],"replies":[{"embeddable":true,"href":"https:\/\/museodelcanal.com\/en\/wp-json\/wp\/v2\/comments?post=7727"}],"version-history":[{"count":2,"href":"https:\/\/museodelcanal.com\/en\/wp-json\/wp\/v2\/posts\/7727\/revisions"}],"predecessor-version":[{"id":8275,"href":"https:\/\/museodelcanal.com\/en\/wp-json\/wp\/v2\/posts\/7727\/revisions\/8275"}],"wp:featuredmedia":[{"embeddable":true,"href":"https:\/\/museodelcanal.com\/en\/wp-json\/wp\/v2\/media\/7728"}],"wp:attachment":[{"href":"https:\/\/museodelcanal.com\/en\/wp-json\/wp\/v2\/media?parent=7727"}],"wp:term":[{"taxonomy":"category","embeddable":true,"href":"https:\/\/museodelcanal.com\/en\/wp-json\/wp\/v2\/categories?post=7727"},{"taxonomy":"post_tag","embeddable":true,"href":"https:\/\/museodelcanal.com\/en\/wp-json\/wp\/v2\/tags?post=7727"}],"curies":[{"name":"wp","href":"https:\/\/api.w.org\/{rel}","templated":true}]}}